{"id":121,"date":"2015-10-01T09:27:15","date_gmt":"2015-10-01T12:27:15","guid":{"rendered":"http:\/\/www.fermec.com.br\/blog\/?p=121"},"modified":"2015-10-01T09:27:15","modified_gmt":"2015-10-01T12:27:15","slug":"refrigeracao-de-ferramentas","status":"publish","type":"post","link":"https:\/\/www.fermec.com.br\/blog\/refrigeracao-de-ferramentas\/","title":{"rendered":"L\u00edquido de Refrigera\u00e7\u00e3o de Ferramentas"},"content":{"rendered":"<p><strong>Refrigera\u00e7\u00e3o de Ferramentas<\/strong><\/p>\n<p>\u00c0s vezes, a refrigera\u00e7\u00e3o influencia a vida operacional das ferramentas de maneira positiva; em outros casos, o impacto \u00e9 negativo: e, em alguns casos, simplesmente n\u00e3o h\u00e1 impacto algum.<\/p>\n<p>Al\u00e9m da sobrecarga mec\u00e2nica, a vida operacional das ferramentas \u00e9, e muito, determinada por fen\u00f4menos t\u00e9rmicos durante o processo de corte. Para simplificar, o corte de metal equivale \u00e0 gera\u00e7\u00e3o de calor, e quando esse calor se concentra, a temperatura da aresta de corte aumenta. Se a temperatura subir demais, ou permanecer baixa demais, a vida operacional diminuir\u00e1.<\/p>\n<p>O <strong>l\u00edquido de refrigera\u00e7\u00e3o de ferramentas<\/strong> deve evacuar o calor gerado pelo corte antes que ele se concentre demasiadamente. Para obter mais efici\u00eancia, o l\u00edquido de refrigera\u00e7\u00e3o deve ser aplicado onde houver maior concentra\u00e7\u00e3o de calor \u2013 a zona de corte. (Afinal, jogamos \u00e1gua no fogo para apag\u00e1-lo, mas n\u00e3o a cinco metros de dist\u00e2ncia).<\/p>\n<p>Parece f\u00e1cil, mas fazer o l\u00edquido de refrigera\u00e7\u00e3o atingir a aresta de corte significa superar as press\u00f5es entre cavaco e aresta de corte que, no local, podem girar em torno de 20.000 bar. O l\u00edquido de refrigera\u00e7\u00e3o \u00e9 tamb\u00e9m bloqueado por uma \u201cbarreira de vapor\u201d de 800\u00b0C formada pela evapora\u00e7\u00e3o do pr\u00f3prio l\u00edquido.<\/p>\n<p>O l\u00edquido de refrigera\u00e7\u00e3o pode tamb\u00e9m evacuar o calor pelos cavacos. No entanto, os materiais das pe\u00e7as de trabalho com baixa condutividade t\u00e9rmica, por exemplo, t\u00eam evacua\u00e7\u00e3o de calor bastante limitada pelos cavacos at\u00e9 o l\u00edquido de refrigera\u00e7\u00e3o. \u00c9 por isso que a velocidade de corte deve ser baixa nesses materiais.<\/p>\n<p>No corte de metais h\u00e1 basicamente quatro abordagens com rela\u00e7\u00e3o ao uso do l\u00edquido de refrigera\u00e7\u00e3o:<br \/>\nCorte a seco. Ser\u00e1 que as vantagens de usar um l\u00edquido de refrigera\u00e7\u00e3o (maior vida operacional para as ferramentas, menos custos relativos a ferramentas) sempre superam as desvantagens (custo do l\u00edquido de refrigera\u00e7\u00e3o e do sistema de refrigera\u00e7\u00e3o)? Em v\u00e1rios casos, o corte a seco \u00e9 a melhor alternativa.<\/p>\n<p>Alguns casos podem tamb\u00e9m apresentar raz\u00f5es tecnol\u00f3gicas que justifiquem evitar o uso de l\u00edquido de refrigera\u00e7\u00e3o, tais como as aplica\u00e7\u00f5es com materiais de corte de PCBN.<\/p>\n<p>L\u00edquido de refrigera\u00e7\u00e3o de imers\u00e3o ou sistema tradicional com l\u00edquido de refrigera\u00e7\u00e3o de emuls\u00e3o. O efeito da refrigera\u00e7\u00e3o \u00e9 baseado na condu\u00e7\u00e3o de calor entre os cavacos e o l\u00edquido de refrigera\u00e7\u00e3o. Este sistema funciona bem na maioria dos materiais tradicionais usados nas pe\u00e7as de trabalho (a\u00e7os).<\/p>\n<p>Sistema de Quantidade M\u00ednima de Lubrifica\u00e7\u00e3o (MQL). Got\u00edculas de l\u00edquido evaporam em ambientes quentes. Esse processo de evapora\u00e7\u00e3o retira o calor e abaixa a temperatura. Um sistema MQL \u00e9 praticamente t\u00e3o eficiente quanto um sistema de refrigera\u00e7\u00e3o por imers\u00e3o, mas o consumo (custo) do l\u00edquido de refrigera\u00e7\u00e3o \u00e9 muito menor. Por outro lado, ele exige precau\u00e7\u00f5es especiais e equipamentos espec\u00edficos para a sa\u00fade e a seguran\u00e7a.<\/p>\n<p>Sistema de L\u00edquido de Refrigera\u00e7\u00e3o Direcionado de Alta Press\u00e3o (HPDC). Este sistema aumenta a press\u00e3o do l\u00edquido de refrigera\u00e7\u00e3o e a direciona, at\u00e9 onde poss\u00edvel, para a \u00e1rea desejada onde ela \u00e9 mais eficaz \u2013 a zona de corte.<\/p>\n<p>A solu\u00e7\u00e3o HPDC, Jetstream Tooling, oferecida pela Seco, \u00e9 t\u00e3o elegante quanto eficiente, e se baseia nos mesmos princ\u00edpios da din\u00e2mica dos fluidos observados numa mangueira de jardim. Basicamente, ao estreitar o bico de sa\u00edda do fluido, a velocidade de sa\u00edda aumenta. A capacidade de irriga\u00e7\u00e3o (refrigera\u00e7\u00e3o) tamb\u00e9m aumenta quando se mant\u00e9m o bico da mangueira pr\u00f3ximo das flores.<\/p>\n<p>Provavelmente, voc\u00ea deve estar se perguntando se isso n\u00e3o destruiria as flores. Sim! A Jetstream Tooling n\u00e3o s\u00f3 evacua melhor o calor (aumentando a vida operacional das ferramentas e melhorando as condi\u00e7\u00f5es de corte), mas tamb\u00e9m corta cavacos longos em peda\u00e7os menores.<\/p>\n<p>Se voc\u00ea procura Ferramentas com ou sem refrigera\u00e7\u00e3o, entre em contato com a Fermec, empresa especialista no fornecimento de ferramentas para usinagem. Confira!<br \/>\nLigue para (11) 3978-5515<br \/>\n<em>Fonte: http:\/\/www.usinagem-brasil.com.br\/8908-como-a-refrigeracao-prolonga-ou-reduz-a-vida-das-ferramentas\/pa-2\/<\/em><\/p>\n<p>&nbsp;<\/p>\n","protected":false},"excerpt":{"rendered":"<p>Refrigera\u00e7\u00e3o de Ferramentas \u00c0s vezes, a refrigera\u00e7\u00e3o influencia a vida operacional das ferramentas de maneira positiva; em outros casos, o impacto \u00e9 negativo: e, em alguns casos, simplesmente n\u00e3o h\u00e1 impacto algum. Al\u00e9m da sobrecarga mec\u00e2nica, a vida operacional das ferramentas \u00e9, e muito, determinada por fen\u00f4menos t\u00e9rmicos durante o processo de corte. Para simplificar,&#8230;<\/p>\n","protected":false},"author":1,"featured_media":122,"comment_status":"open","ping_status":"open","sticky":false,"template":"","format":"image","meta":[],"categories":[1],"tags":[52,49,50,51],"yoast_head":"<!-- This site is optimized with the Yoast SEO plugin v21.4 - https:\/\/yoast.com\/wordpress\/plugins\/seo\/ -->\n<title>L\u00edquido de refrigera\u00e7\u00e3o de ferramentas - Fermec<\/title>\n<meta name=\"description\" content=\"L\u00edquido de refrigera\u00e7\u00e3o de ferramentas, pode ou n\u00e3o influenciar na vida operacional das ferramentas, fale conosco e conhe\u00e7a nossos produtos.\" \/>\n<meta name=\"robots\" content=\"index, follow, max-snippet:-1, max-image-preview:large, max-video-preview:-1\" \/>\n<link rel=\"canonical\" href=\"https:\/\/www.fermec.com.br\/blog\/refrigeracao-de-ferramentas\/\" \/>\n<meta property=\"og:locale\" content=\"pt_BR\" \/>\n<meta property=\"og:type\" content=\"article\" \/>\n<meta property=\"og:title\" content=\"L\u00edquido de refrigera\u00e7\u00e3o de ferramentas - Fermec\" \/>\n<meta property=\"og:description\" content=\"L\u00edquido de refrigera\u00e7\u00e3o de ferramentas, pode ou n\u00e3o influenciar na vida operacional das ferramentas, fale conosco e conhe\u00e7a nossos produtos.\" \/>\n<meta property=\"og:url\" content=\"https:\/\/www.fermec.com.br\/blog\/refrigeracao-de-ferramentas\/\" \/>\n<meta property=\"og:site_name\" content=\"Fermec - Ferramentas de Usinagem\" \/>\n<meta property=\"article:publisher\" content=\"https:\/\/www.facebook.com\/fermecoficial\" \/>\n<meta property=\"article:author\" content=\"https:\/\/www.facebook.com\/oficialfermec\" \/>\n<meta property=\"article:published_time\" content=\"2015-10-01T12:27:15+00:00\" \/>\n<meta property=\"og:image\" content=\"http:\/\/www.fermec.com.br\/blog\/wp-content\/uploads\/2015\/10\/tipo-de-refrigeracao.jpg\" \/>\n\t<meta property=\"og:image:width\" content=\"317\" \/>\n\t<meta property=\"og:image:height\" content=\"211\" \/>\n\t<meta property=\"og:image:type\" content=\"image\/jpeg\" \/>\n<meta name=\"author\" content=\"miguel_fermec\" \/>\n<meta name=\"twitter:label1\" content=\"Escrito por\" \/>\n\t<meta name=\"twitter:data1\" content=\"miguel_fermec\" \/>\n\t<meta name=\"twitter:label2\" content=\"Est. tempo de leitura\" \/>\n\t<meta name=\"twitter:data2\" content=\"4 minutos\" \/>\n<script type=\"application\/ld+json\" class=\"yoast-schema-graph\">{\"@context\":\"https:\/\/schema.org\",\"@graph\":[{\"@type\":\"Article\",\"@id\":\"https:\/\/www.fermec.com.br\/blog\/refrigeracao-de-ferramentas\/#article\",\"isPartOf\":{\"@id\":\"https:\/\/www.fermec.com.br\/blog\/refrigeracao-de-ferramentas\/\"},\"author\":{\"name\":\"miguel_fermec\",\"@id\":\"https:\/\/www.fermec.com.br\/blog\/#\/schema\/person\/1fe44fe7f9cc3417c6af7b302fa295d2\"},\"headline\":\"L\u00edquido de Refrigera\u00e7\u00e3o de Ferramentas\",\"datePublished\":\"2015-10-01T12:27:15+00:00\",\"dateModified\":\"2015-10-01T12:27:15+00:00\",\"mainEntityOfPage\":{\"@id\":\"https:\/\/www.fermec.com.br\/blog\/refrigeracao-de-ferramentas\/\"},\"wordCount\":722,\"commentCount\":0,\"publisher\":{\"@id\":\"https:\/\/www.fermec.com.br\/blog\/#organization\"},\"keywords\":[\"Ferramentas de Usinagem\",\"L\u00edquido de refrigera\u00e7\u00e3o de ferramentas\",\"Refrigera\u00e7\u00e3o de ferramentas\",\"Refrigera\u00e7\u00e3o ferramentas\"],\"inLanguage\":\"pt-BR\",\"potentialAction\":[{\"@type\":\"CommentAction\",\"name\":\"Comment\",\"target\":[\"https:\/\/www.fermec.com.br\/blog\/refrigeracao-de-ferramentas\/#respond\"]}]},{\"@type\":\"WebPage\",\"@id\":\"https:\/\/www.fermec.com.br\/blog\/refrigeracao-de-ferramentas\/\",\"url\":\"https:\/\/www.fermec.com.br\/blog\/refrigeracao-de-ferramentas\/\",\"name\":\"L\u00edquido de refrigera\u00e7\u00e3o de ferramentas - Fermec\",\"isPartOf\":{\"@id\":\"https:\/\/www.fermec.com.br\/blog\/#website\"},\"datePublished\":\"2015-10-01T12:27:15+00:00\",\"dateModified\":\"2015-10-01T12:27:15+00:00\",\"description\":\"L\u00edquido de refrigera\u00e7\u00e3o de ferramentas, pode ou n\u00e3o influenciar na vida operacional das ferramentas, fale conosco e conhe\u00e7a nossos produtos.\",\"breadcrumb\":{\"@id\":\"https:\/\/www.fermec.com.br\/blog\/refrigeracao-de-ferramentas\/#breadcrumb\"},\"inLanguage\":\"pt-BR\",\"potentialAction\":[{\"@type\":\"ReadAction\",\"target\":[\"https:\/\/www.fermec.com.br\/blog\/refrigeracao-de-ferramentas\/\"]}]},{\"@type\":\"BreadcrumbList\",\"@id\":\"https:\/\/www.fermec.com.br\/blog\/refrigeracao-de-ferramentas\/#breadcrumb\",\"itemListElement\":[{\"@type\":\"ListItem\",\"position\":1,\"name\":\"In\u00edcio\",\"item\":\"https:\/\/www.fermec.com.br\/blog\/\"},{\"@type\":\"ListItem\",\"position\":2,\"name\":\"L\u00edquido de Refrigera\u00e7\u00e3o de Ferramentas\"}]},{\"@type\":\"WebSite\",\"@id\":\"https:\/\/www.fermec.com.br\/blog\/#website\",\"url\":\"https:\/\/www.fermec.com.br\/blog\/\",\"name\":\"Fermec - Ferramentas de Usinagem\",\"description\":\"Distribuidor de ferramentas de usinagem para todo o Brasil\",\"publisher\":{\"@id\":\"https:\/\/www.fermec.com.br\/blog\/#organization\"},\"potentialAction\":[{\"@type\":\"SearchAction\",\"target\":{\"@type\":\"EntryPoint\",\"urlTemplate\":\"https:\/\/www.fermec.com.br\/blog\/?s={search_term_string}\"},\"query-input\":\"required name=search_term_string\"}],\"inLanguage\":\"pt-BR\"},{\"@type\":\"Organization\",\"@id\":\"https:\/\/www.fermec.com.br\/blog\/#organization\",\"name\":\"Fermec\",\"url\":\"https:\/\/www.fermec.com.br\/blog\/\",\"logo\":{\"@type\":\"ImageObject\",\"inLanguage\":\"pt-BR\",\"@id\":\"https:\/\/www.fermec.com.br\/blog\/#\/schema\/logo\/image\/\",\"url\":\"https:\/\/www.fermec.com.br\/blog\/wp-content\/uploads\/2014\/11\/logo.png\",\"contentUrl\":\"https:\/\/www.fermec.com.br\/blog\/wp-content\/uploads\/2014\/11\/logo.png\",\"width\":335,\"height\":65,\"caption\":\"Fermec\"},\"image\":{\"@id\":\"https:\/\/www.fermec.com.br\/blog\/#\/schema\/logo\/image\/\"},\"sameAs\":[\"https:\/\/www.facebook.com\/fermecoficial\"]},{\"@type\":\"Person\",\"@id\":\"https:\/\/www.fermec.com.br\/blog\/#\/schema\/person\/1fe44fe7f9cc3417c6af7b302fa295d2\",\"name\":\"miguel_fermec\",\"image\":{\"@type\":\"ImageObject\",\"inLanguage\":\"pt-BR\",\"@id\":\"https:\/\/www.fermec.com.br\/blog\/#\/schema\/person\/image\/\",\"url\":\"https:\/\/secure.gravatar.com\/avatar\/a92bb291073c1a14e87471f75c2a99a0?s=96&d=mm&r=g\",\"contentUrl\":\"https:\/\/secure.gravatar.com\/avatar\/a92bb291073c1a14e87471f75c2a99a0?s=96&d=mm&r=g\",\"caption\":\"miguel_fermec\"},\"sameAs\":[\"https:\/\/www.fermec.com.br\/\",\"https:\/\/www.facebook.com\/oficialfermec\",\"https:\/\/www.instagram.com\/fermec.ferramentas\/\",\"https:\/\/www.linkedin.com\/company\/79772283\/admin\/\",\"https:\/\/www.youtube.com\/@FermecFerramentas\"],\"url\":\"https:\/\/www.fermec.com.br\/blog\/author\/miguel_fermec\/\"}]}<\/script>\n<!-- \/ Yoast SEO plugin. -->","yoast_head_json":{"title":"L\u00edquido de refrigera\u00e7\u00e3o de ferramentas - Fermec","description":"L\u00edquido de refrigera\u00e7\u00e3o de ferramentas, pode ou n\u00e3o influenciar na vida operacional das ferramentas, fale conosco e conhe\u00e7a nossos produtos.","robots":{"index":"index","follow":"follow","max-snippet":"max-snippet:-1","max-image-preview":"max-image-preview:large","max-video-preview":"max-video-preview:-1"},"canonical":"https:\/\/www.fermec.com.br\/blog\/refrigeracao-de-ferramentas\/","og_locale":"pt_BR","og_type":"article","og_title":"L\u00edquido de refrigera\u00e7\u00e3o de ferramentas - Fermec","og_description":"L\u00edquido de refrigera\u00e7\u00e3o de ferramentas, pode ou n\u00e3o influenciar na vida operacional das ferramentas, fale conosco e conhe\u00e7a nossos produtos.","og_url":"https:\/\/www.fermec.com.br\/blog\/refrigeracao-de-ferramentas\/","og_site_name":"Fermec - Ferramentas de Usinagem","article_publisher":"https:\/\/www.facebook.com\/fermecoficial","article_author":"https:\/\/www.facebook.com\/oficialfermec","article_published_time":"2015-10-01T12:27:15+00:00","og_image":[{"width":317,"height":211,"url":"http:\/\/www.fermec.com.br\/blog\/wp-content\/uploads\/2015\/10\/tipo-de-refrigeracao.jpg","type":"image\/jpeg"}],"author":"miguel_fermec","twitter_misc":{"Escrito por":"miguel_fermec","Est. tempo de leitura":"4 minutos"},"schema":{"@context":"https:\/\/schema.org","@graph":[{"@type":"Article","@id":"https:\/\/www.fermec.com.br\/blog\/refrigeracao-de-ferramentas\/#article","isPartOf":{"@id":"https:\/\/www.fermec.com.br\/blog\/refrigeracao-de-ferramentas\/"},"author":{"name":"miguel_fermec","@id":"https:\/\/www.fermec.com.br\/blog\/#\/schema\/person\/1fe44fe7f9cc3417c6af7b302fa295d2"},"headline":"L\u00edquido de Refrigera\u00e7\u00e3o de Ferramentas","datePublished":"2015-10-01T12:27:15+00:00","dateModified":"2015-10-01T12:27:15+00:00","mainEntityOfPage":{"@id":"https:\/\/www.fermec.com.br\/blog\/refrigeracao-de-ferramentas\/"},"wordCount":722,"commentCount":0,"publisher":{"@id":"https:\/\/www.fermec.com.br\/blog\/#organization"},"keywords":["Ferramentas de Usinagem","L\u00edquido de refrigera\u00e7\u00e3o de ferramentas","Refrigera\u00e7\u00e3o de ferramentas","Refrigera\u00e7\u00e3o ferramentas"],"inLanguage":"pt-BR","potentialAction":[{"@type":"CommentAction","name":"Comment","target":["https:\/\/www.fermec.com.br\/blog\/refrigeracao-de-ferramentas\/#respond"]}]},{"@type":"WebPage","@id":"https:\/\/www.fermec.com.br\/blog\/refrigeracao-de-ferramentas\/","url":"https:\/\/www.fermec.com.br\/blog\/refrigeracao-de-ferramentas\/","name":"L\u00edquido de refrigera\u00e7\u00e3o de ferramentas - Fermec","isPartOf":{"@id":"https:\/\/www.fermec.com.br\/blog\/#website"},"datePublished":"2015-10-01T12:27:15+00:00","dateModified":"2015-10-01T12:27:15+00:00","description":"L\u00edquido de refrigera\u00e7\u00e3o de ferramentas, pode ou n\u00e3o influenciar na vida operacional das ferramentas, fale conosco e conhe\u00e7a nossos produtos.","breadcrumb":{"@id":"https:\/\/www.fermec.com.br\/blog\/refrigeracao-de-ferramentas\/#breadcrumb"},"inLanguage":"pt-BR","potentialAction":[{"@type":"ReadAction","target":["https:\/\/www.fermec.com.br\/blog\/refrigeracao-de-ferramentas\/"]}]},{"@type":"BreadcrumbList","@id":"https:\/\/www.fermec.com.br\/blog\/refrigeracao-de-ferramentas\/#breadcrumb","itemListElement":[{"@type":"ListItem","position":1,"name":"In\u00edcio","item":"https:\/\/www.fermec.com.br\/blog\/"},{"@type":"ListItem","position":2,"name":"L\u00edquido de Refrigera\u00e7\u00e3o de Ferramentas"}]},{"@type":"WebSite","@id":"https:\/\/www.fermec.com.br\/blog\/#website","url":"https:\/\/www.fermec.com.br\/blog\/","name":"Fermec - Ferramentas de Usinagem","description":"Distribuidor de ferramentas de usinagem para todo o Brasil","publisher":{"@id":"https:\/\/www.fermec.com.br\/blog\/#organization"},"potentialAction":[{"@type":"SearchAction","target":{"@type":"EntryPoint","urlTemplate":"https:\/\/www.fermec.com.br\/blog\/?s={search_term_string}"},"query-input":"required name=search_term_string"}],"inLanguage":"pt-BR"},{"@type":"Organization","@id":"https:\/\/www.fermec.com.br\/blog\/#organization","name":"Fermec","url":"https:\/\/www.fermec.com.br\/blog\/","logo":{"@type":"ImageObject","inLanguage":"pt-BR","@id":"https:\/\/www.fermec.com.br\/blog\/#\/schema\/logo\/image\/","url":"https:\/\/www.fermec.com.br\/blog\/wp-content\/uploads\/2014\/11\/logo.png","contentUrl":"https:\/\/www.fermec.com.br\/blog\/wp-content\/uploads\/2014\/11\/logo.png","width":335,"height":65,"caption":"Fermec"},"image":{"@id":"https:\/\/www.fermec.com.br\/blog\/#\/schema\/logo\/image\/"},"sameAs":["https:\/\/www.facebook.com\/fermecoficial"]},{"@type":"Person","@id":"https:\/\/www.fermec.com.br\/blog\/#\/schema\/person\/1fe44fe7f9cc3417c6af7b302fa295d2","name":"miguel_fermec","image":{"@type":"ImageObject","inLanguage":"pt-BR","@id":"https:\/\/www.fermec.com.br\/blog\/#\/schema\/person\/image\/","url":"https:\/\/secure.gravatar.com\/avatar\/a92bb291073c1a14e87471f75c2a99a0?s=96&d=mm&r=g","contentUrl":"https:\/\/secure.gravatar.com\/avatar\/a92bb291073c1a14e87471f75c2a99a0?s=96&d=mm&r=g","caption":"miguel_fermec"},"sameAs":["https:\/\/www.fermec.com.br\/","https:\/\/www.facebook.com\/oficialfermec","https:\/\/www.instagram.com\/fermec.ferramentas\/","https:\/\/www.linkedin.com\/company\/79772283\/admin\/","https:\/\/www.youtube.com\/@FermecFerramentas"],"url":"https:\/\/www.fermec.com.br\/blog\/author\/miguel_fermec\/"}]}},"_links":{"self":[{"href":"https:\/\/www.fermec.com.br\/blog\/wp-json\/wp\/v2\/posts\/121"}],"collection":[{"href":"https:\/\/www.fermec.com.br\/blog\/wp-json\/wp\/v2\/posts"}],"about":[{"href":"https:\/\/www.fermec.com.br\/blog\/wp-json\/wp\/v2\/types\/post"}],"author":[{"embeddable":true,"href":"https:\/\/www.fermec.com.br\/blog\/wp-json\/wp\/v2\/users\/1"}],"replies":[{"embeddable":true,"href":"https:\/\/www.fermec.com.br\/blog\/wp-json\/wp\/v2\/comments?post=121"}],"version-history":[{"count":1,"href":"https:\/\/www.fermec.com.br\/blog\/wp-json\/wp\/v2\/posts\/121\/revisions"}],"predecessor-version":[{"id":123,"href":"https:\/\/www.fermec.com.br\/blog\/wp-json\/wp\/v2\/posts\/121\/revisions\/123"}],"wp:featuredmedia":[{"embeddable":true,"href":"https:\/\/www.fermec.com.br\/blog\/wp-json\/wp\/v2\/media\/122"}],"wp:attachment":[{"href":"https:\/\/www.fermec.com.br\/blog\/wp-json\/wp\/v2\/media?parent=121"}],"wp:term":[{"taxonomy":"category","embeddable":true,"href":"https:\/\/www.fermec.com.br\/blog\/wp-json\/wp\/v2\/categories?post=121"},{"taxonomy":"post_tag","embeddable":true,"href":"https:\/\/www.fermec.com.br\/blog\/wp-json\/wp\/v2\/tags?post=121"}],"curies":[{"name":"wp","href":"https:\/\/api.w.org\/{rel}","templated":true}]}}