{"id":125,"date":"2015-11-27T16:39:42","date_gmt":"2015-11-27T18:39:42","guid":{"rendered":"http:\/\/www.fermec.com.br\/blog\/?p=125"},"modified":"2022-04-28T16:06:33","modified_gmt":"2022-04-28T19:06:33","slug":"retificacao-cilindrica","status":"publish","type":"post","link":"https:\/\/www.fermec.com.br\/blog\/retificacao-cilindrica\/","title":{"rendered":"A retifica\u00e7\u00e3o cil\u00edndrica"},"content":{"rendered":"<p>A retifica\u00e7\u00e3o cil\u00edndrica externa baseia-seno princ\u00edpio de se fazer a pe\u00e7a girar em torno de seu eixo e deslocar-se no sentido axial, em contato com a periferia de um rebolo abrasivo, que periodicamente avan\u00e7a contra a pe\u00e7a. Uma retificadora cil\u00edndrica \u00e9 uma m\u00e1quina que permite esse processo e \u00e9 normalmente constitu\u00edda de mesa, cabe\u00e7ote porta-pe\u00e7as; cabe\u00e7ote contraponta; cabe\u00e7ote porta-rebolo. Para que a m\u00e1quina possa gerar uma forma cil\u00edndrica na pe\u00e7a h\u00e1 necessidade de que os eixos de rota\u00e7\u00e3o da pe\u00e7a e do rebolo sejam coplanares e paralelos.<\/p>\n<p><a href=\"http:\/\/www.fermec.com.br\/blog\/wp-content\/uploads\/2015\/11\/img-pri.jpg\"><img decoding=\"async\" loading=\"lazy\" class=\"alignnone size-full wp-image-129\" src=\"http:\/\/www.fermec.com.br\/blog\/wp-content\/uploads\/2015\/11\/img-0011.jpg\" alt=\"img-001\" width=\"96\" height=\"130\" \/><\/a>\u00a0\u00a0 As primeiras opera\u00e7\u00f5es mecanizadas de retifica\u00e7\u00e3o cil\u00edndrica foram certamente realizadas com a aplica\u00e7\u00e3o de cabe\u00e7otes porta-rebolos sobre tornos mec\u00e2nicos paralelos. A figura 1 ilustra uma dessas aplica\u00e7\u00f5es, feita pela empresa norte-americana Pratt &amp; Whitney, por volta de 1860.<\/p>\n<p>Foi nos Estados Unidos que surgiram as primeiras retificadoras cil\u00edndricas propriamente ditas, ou seja, m\u00e1quinas espec\u00edficas para trabalhar em retifica\u00e7\u00e3o cil\u00edndrica e n\u00e3o adapta\u00e7\u00f5es de tornos para esse fim. A primeira retificadora que se tem not\u00edcia teria sido constru\u00edda em 1860, na sede da empresa de abrasivos Norton Emery Company, pelo engenheiro Charles Moseley.<\/p>\n<p>Por\u00e9m, foi s\u00f3 em 1875 que o engenheiro Joseph Brown, um dos fundadores da empresa Brown &amp; Sharpe, de Providence, Rhode Island, desenvolveu um primeiro modelo de retificadora destinado \u00e0 venda. Esta m\u00e1quina est\u00e1 ilustrada na figura 2.<\/p>\n<p><img decoding=\"async\" loading=\"lazy\" class=\"alignnone size-full wp-image-128\" src=\"http:\/\/www.fermec.com.br\/blog\/wp-content\/uploads\/2015\/11\/img-002.jpg\" alt=\"img-002\" width=\"110\" height=\"121\" \/><\/p>\n<p>Os rolos colocados no piso, tanto da figura 1, como da figura 2,destinavam-se \u00e0 transmiss\u00e3o da rota\u00e7\u00e3o dos eixos porta-rebolos, porta-pe\u00e7as e de acionamento do movimento longitudinal da mesa da m\u00e1quina, atrav\u00e9s de correias planas que desciam dos eixos que giravam nos tetos das f\u00e1bricas, os quais eram movido, por uma m\u00e1quina a vapor \u00fanica, que era a fonte de pot\u00eancia de toda a unidade industrial.<\/p>\n<p>O primeiro modelo de retificadora cil\u00edndrica Brown &amp; Sharpe, lan\u00e7ado em 1875, teve trajet\u00f3ria comercial e internacional r\u00e1pida. J\u00e1 em 1876 a m\u00e1quina era exposta numa feira\u00a0industrial em Paris e em 1877 a empresa conseguia a patente norte-americana do equipamento.<\/p>\n<p>Ainda no S\u00e9culo XIX outros fabricantes surgiram nos Estados Unidos, lan\u00e7ando retificadoras cil\u00edndricas no mercado, a exemplo da retificadora Landis, de 1883 (fig. 3), produzida pela empresa Landis Tool, da Pennsylvania, e tamb\u00e9m da retificadora Norton, de 1900 (fig. 4), projetada pelo engenheiro Charles H. Norton e produzida pelo Norton Grinding Company, de Massachusetts, vizinha e coligada \u00e0 Norton Emery Company, produtora de rebolos.<\/p>\n<p><img decoding=\"async\" loading=\"lazy\" class=\"alignnone size-full wp-image-127\" src=\"http:\/\/www.fermec.com.br\/blog\/wp-content\/uploads\/2015\/11\/img-001.jpg\" alt=\"img-001\" width=\"117\" height=\"118\" \/><\/p>\n<p>Gradativamente, ao longo do s\u00e9culo XX, as retificadoras cil\u00edndricas foram se modernizado. Inicialmente, ocorreu a substitui\u00e7\u00e3o dos acionamentos centralizados derivados dos eixos nos tetos das f\u00e1bricas, movimentados por uma m\u00e1quina a vapor central, por motores el\u00e9tricos de corrente alternada trif\u00e1sica individuais para cada movimento da m\u00e1quina.<\/p>\n<p>Depois da Segunda Guerra Mundial as retificadoras passaram a ter sistemas \u00f3leo-hidr\u00e1ulicos de grande suavidade para o movimento da mesa e dos avan\u00e7os. Posteriormente, como acontecia com quase todas as m\u00e1quinas-ferramenta para trabalhar metais, os controles eletr\u00f4nicos foram se incorporando em parcelas crescentes, inclusive com aparelhos de medi\u00e7\u00e3o da pe\u00e7a durante o pr\u00f3prio processo de retifica\u00e7\u00e3o, os chamados \u201cin process measuring gauges\u201d ou autocalibradores. O \u00faltimo movimento importante foi o da ado\u00e7\u00e3o do CNC para o comando e controle das retificadoras cil\u00edndricas.<\/p>\n<p><img decoding=\"async\" loading=\"lazy\" class=\"alignnone size-full wp-image-126\" src=\"http:\/\/www.fermec.com.br\/blog\/wp-content\/uploads\/2015\/11\/img-pri.jpg\" alt=\"img-pri\" width=\"344\" height=\"169\" srcset=\"https:\/\/www.fermec.com.br\/blog\/wp-content\/uploads\/2015\/11\/img-pri.jpg 344w, https:\/\/www.fermec.com.br\/blog\/wp-content\/uploads\/2015\/11\/img-pri-300x147.jpg 300w, https:\/\/www.fermec.com.br\/blog\/wp-content\/uploads\/2015\/11\/img-pri-150x74.jpg 150w\" sizes=\"(max-width: 344px) 100vw, 344px\" \/><\/p>\n<p>Fonte: http:\/\/www.usinagem-brasil.com.br\/5525-breve-historico-da-retificacao-cilindrica\/pa-3\/<\/p>\n<p><em>(*) Extra\u00eddo do livro Principios de retifica\u00e7\u00e3o e afia\u00e7\u00e3o na ind\u00fastria metal-mec\u00e2nica, publicado pela Mello M\u00e1quinas S\/A<\/em><\/p>\n","protected":false},"excerpt":{"rendered":"<p>A retifica\u00e7\u00e3o cil\u00edndrica externa baseia-seno princ\u00edpio de se fazer a pe\u00e7a girar em torno de seu eixo e deslocar-se no sentido axial, em contato com a periferia de um rebolo abrasivo, que periodicamente avan\u00e7a contra a pe\u00e7a. Uma retificadora cil\u00edndrica \u00e9 uma m\u00e1quina que permite esse processo e \u00e9 normalmente constitu\u00edda de mesa, cabe\u00e7ote porta-pe\u00e7as;&#8230;<\/p>\n","protected":false},"author":1,"featured_media":126,"comment_status":"open","ping_status":"open","sticky":false,"template":"","format":"image","meta":[],"categories":[1],"tags":[],"yoast_head":"<!-- This site is optimized with the Yoast SEO plugin v21.4 - https:\/\/yoast.com\/wordpress\/plugins\/seo\/ -->\n<title>A retifica\u00e7\u00e3o cil\u00edndrica - Fermec - Ferramentas de Usinagem<\/title>\n<meta name=\"description\" content=\"Conhe\u00e7a um pouco sobre a retifica\u00e7\u00e3o cil\u00edndrica e todos os benef\u00edcios \u00e9 oferecido por essa m\u00e1quina, Fermec - Ferramentas de usinagem\" \/>\n<meta name=\"robots\" content=\"index, follow, max-snippet:-1, max-image-preview:large, max-video-preview:-1\" \/>\n<link rel=\"canonical\" href=\"https:\/\/www.fermec.com.br\/blog\/retificacao-cilindrica\/\" \/>\n<meta property=\"og:locale\" content=\"pt_BR\" \/>\n<meta property=\"og:type\" content=\"article\" \/>\n<meta property=\"og:title\" content=\"A retifica\u00e7\u00e3o cil\u00edndrica - Fermec - Ferramentas de Usinagem\" \/>\n<meta property=\"og:description\" content=\"Conhe\u00e7a um pouco sobre a retifica\u00e7\u00e3o cil\u00edndrica e todos os benef\u00edcios \u00e9 oferecido por essa m\u00e1quina, Fermec - Ferramentas de usinagem\" \/>\n<meta property=\"og:url\" content=\"https:\/\/www.fermec.com.br\/blog\/retificacao-cilindrica\/\" \/>\n<meta property=\"og:site_name\" content=\"Fermec - Ferramentas de Usinagem\" \/>\n<meta property=\"article:publisher\" content=\"https:\/\/www.facebook.com\/fermecoficial\" \/>\n<meta property=\"article:author\" content=\"https:\/\/www.facebook.com\/oficialfermec\" \/>\n<meta property=\"article:published_time\" content=\"2015-11-27T18:39:42+00:00\" \/>\n<meta property=\"article:modified_time\" content=\"2022-04-28T19:06:33+00:00\" \/>\n<meta property=\"og:image\" content=\"http:\/\/www.fermec.com.br\/blog\/wp-content\/uploads\/2015\/11\/img-pri.jpg\" \/>\n\t<meta property=\"og:image:width\" content=\"344\" \/>\n\t<meta property=\"og:image:height\" content=\"169\" \/>\n\t<meta property=\"og:image:type\" content=\"image\/jpeg\" \/>\n<meta name=\"author\" content=\"miguel_fermec\" \/>\n<meta name=\"twitter:label1\" content=\"Escrito por\" \/>\n\t<meta name=\"twitter:data1\" content=\"miguel_fermec\" \/>\n\t<meta name=\"twitter:label2\" content=\"Est. tempo de leitura\" \/>\n\t<meta name=\"twitter:data2\" content=\"3 minutos\" \/>\n<script type=\"application\/ld+json\" class=\"yoast-schema-graph\">{\"@context\":\"https:\/\/schema.org\",\"@graph\":[{\"@type\":\"Article\",\"@id\":\"https:\/\/www.fermec.com.br\/blog\/retificacao-cilindrica\/#article\",\"isPartOf\":{\"@id\":\"https:\/\/www.fermec.com.br\/blog\/retificacao-cilindrica\/\"},\"author\":{\"name\":\"miguel_fermec\",\"@id\":\"https:\/\/www.fermec.com.br\/blog\/#\/schema\/person\/1fe44fe7f9cc3417c6af7b302fa295d2\"},\"headline\":\"A retifica\u00e7\u00e3o cil\u00edndrica\",\"datePublished\":\"2015-11-27T18:39:42+00:00\",\"dateModified\":\"2022-04-28T19:06:33+00:00\",\"mainEntityOfPage\":{\"@id\":\"https:\/\/www.fermec.com.br\/blog\/retificacao-cilindrica\/\"},\"wordCount\":605,\"commentCount\":0,\"publisher\":{\"@id\":\"https:\/\/www.fermec.com.br\/blog\/#organization\"},\"inLanguage\":\"pt-BR\",\"potentialAction\":[{\"@type\":\"CommentAction\",\"name\":\"Comment\",\"target\":[\"https:\/\/www.fermec.com.br\/blog\/retificacao-cilindrica\/#respond\"]}]},{\"@type\":\"WebPage\",\"@id\":\"https:\/\/www.fermec.com.br\/blog\/retificacao-cilindrica\/\",\"url\":\"https:\/\/www.fermec.com.br\/blog\/retificacao-cilindrica\/\",\"name\":\"A retifica\u00e7\u00e3o cil\u00edndrica - Fermec - Ferramentas de Usinagem\",\"isPartOf\":{\"@id\":\"https:\/\/www.fermec.com.br\/blog\/#website\"},\"datePublished\":\"2015-11-27T18:39:42+00:00\",\"dateModified\":\"2022-04-28T19:06:33+00:00\",\"description\":\"Conhe\u00e7a um pouco sobre a retifica\u00e7\u00e3o cil\u00edndrica e todos os benef\u00edcios \u00e9 oferecido por essa m\u00e1quina, Fermec - Ferramentas de usinagem\",\"breadcrumb\":{\"@id\":\"https:\/\/www.fermec.com.br\/blog\/retificacao-cilindrica\/#breadcrumb\"},\"inLanguage\":\"pt-BR\",\"potentialAction\":[{\"@type\":\"ReadAction\",\"target\":[\"https:\/\/www.fermec.com.br\/blog\/retificacao-cilindrica\/\"]}]},{\"@type\":\"BreadcrumbList\",\"@id\":\"https:\/\/www.fermec.com.br\/blog\/retificacao-cilindrica\/#breadcrumb\",\"itemListElement\":[{\"@type\":\"ListItem\",\"position\":1,\"name\":\"In\u00edcio\",\"item\":\"https:\/\/www.fermec.com.br\/blog\/\"},{\"@type\":\"ListItem\",\"position\":2,\"name\":\"A retifica\u00e7\u00e3o cil\u00edndrica\"}]},{\"@type\":\"WebSite\",\"@id\":\"https:\/\/www.fermec.com.br\/blog\/#website\",\"url\":\"https:\/\/www.fermec.com.br\/blog\/\",\"name\":\"Fermec - Ferramentas de Usinagem\",\"description\":\"Distribuidor de ferramentas de usinagem para todo o Brasil\",\"publisher\":{\"@id\":\"https:\/\/www.fermec.com.br\/blog\/#organization\"},\"potentialAction\":[{\"@type\":\"SearchAction\",\"target\":{\"@type\":\"EntryPoint\",\"urlTemplate\":\"https:\/\/www.fermec.com.br\/blog\/?s={search_term_string}\"},\"query-input\":\"required name=search_term_string\"}],\"inLanguage\":\"pt-BR\"},{\"@type\":\"Organization\",\"@id\":\"https:\/\/www.fermec.com.br\/blog\/#organization\",\"name\":\"Fermec\",\"url\":\"https:\/\/www.fermec.com.br\/blog\/\",\"logo\":{\"@type\":\"ImageObject\",\"inLanguage\":\"pt-BR\",\"@id\":\"https:\/\/www.fermec.com.br\/blog\/#\/schema\/logo\/image\/\",\"url\":\"https:\/\/www.fermec.com.br\/blog\/wp-content\/uploads\/2014\/11\/logo.png\",\"contentUrl\":\"https:\/\/www.fermec.com.br\/blog\/wp-content\/uploads\/2014\/11\/logo.png\",\"width\":335,\"height\":65,\"caption\":\"Fermec\"},\"image\":{\"@id\":\"https:\/\/www.fermec.com.br\/blog\/#\/schema\/logo\/image\/\"},\"sameAs\":[\"https:\/\/www.facebook.com\/fermecoficial\"]},{\"@type\":\"Person\",\"@id\":\"https:\/\/www.fermec.com.br\/blog\/#\/schema\/person\/1fe44fe7f9cc3417c6af7b302fa295d2\",\"name\":\"miguel_fermec\",\"image\":{\"@type\":\"ImageObject\",\"inLanguage\":\"pt-BR\",\"@id\":\"https:\/\/www.fermec.com.br\/blog\/#\/schema\/person\/image\/\",\"url\":\"https:\/\/secure.gravatar.com\/avatar\/a92bb291073c1a14e87471f75c2a99a0?s=96&d=mm&r=g\",\"contentUrl\":\"https:\/\/secure.gravatar.com\/avatar\/a92bb291073c1a14e87471f75c2a99a0?s=96&d=mm&r=g\",\"caption\":\"miguel_fermec\"},\"sameAs\":[\"https:\/\/www.fermec.com.br\/\",\"https:\/\/www.facebook.com\/oficialfermec\",\"https:\/\/www.instagram.com\/fermec.ferramentas\/\",\"https:\/\/www.linkedin.com\/company\/79772283\/admin\/\",\"https:\/\/www.youtube.com\/@FermecFerramentas\"],\"url\":\"https:\/\/www.fermec.com.br\/blog\/author\/miguel_fermec\/\"}]}<\/script>\n<!-- \/ Yoast SEO plugin. -->","yoast_head_json":{"title":"A retifica\u00e7\u00e3o cil\u00edndrica - Fermec - Ferramentas de Usinagem","description":"Conhe\u00e7a um pouco sobre a retifica\u00e7\u00e3o cil\u00edndrica e todos os benef\u00edcios \u00e9 oferecido por essa m\u00e1quina, Fermec - Ferramentas de usinagem","robots":{"index":"index","follow":"follow","max-snippet":"max-snippet:-1","max-image-preview":"max-image-preview:large","max-video-preview":"max-video-preview:-1"},"canonical":"https:\/\/www.fermec.com.br\/blog\/retificacao-cilindrica\/","og_locale":"pt_BR","og_type":"article","og_title":"A retifica\u00e7\u00e3o cil\u00edndrica - Fermec - Ferramentas de Usinagem","og_description":"Conhe\u00e7a um pouco sobre a retifica\u00e7\u00e3o cil\u00edndrica e todos os benef\u00edcios \u00e9 oferecido por essa m\u00e1quina, Fermec - Ferramentas de usinagem","og_url":"https:\/\/www.fermec.com.br\/blog\/retificacao-cilindrica\/","og_site_name":"Fermec - Ferramentas de Usinagem","article_publisher":"https:\/\/www.facebook.com\/fermecoficial","article_author":"https:\/\/www.facebook.com\/oficialfermec","article_published_time":"2015-11-27T18:39:42+00:00","article_modified_time":"2022-04-28T19:06:33+00:00","og_image":[{"width":344,"height":169,"url":"http:\/\/www.fermec.com.br\/blog\/wp-content\/uploads\/2015\/11\/img-pri.jpg","type":"image\/jpeg"}],"author":"miguel_fermec","twitter_misc":{"Escrito por":"miguel_fermec","Est. tempo de leitura":"3 minutos"},"schema":{"@context":"https:\/\/schema.org","@graph":[{"@type":"Article","@id":"https:\/\/www.fermec.com.br\/blog\/retificacao-cilindrica\/#article","isPartOf":{"@id":"https:\/\/www.fermec.com.br\/blog\/retificacao-cilindrica\/"},"author":{"name":"miguel_fermec","@id":"https:\/\/www.fermec.com.br\/blog\/#\/schema\/person\/1fe44fe7f9cc3417c6af7b302fa295d2"},"headline":"A retifica\u00e7\u00e3o cil\u00edndrica","datePublished":"2015-11-27T18:39:42+00:00","dateModified":"2022-04-28T19:06:33+00:00","mainEntityOfPage":{"@id":"https:\/\/www.fermec.com.br\/blog\/retificacao-cilindrica\/"},"wordCount":605,"commentCount":0,"publisher":{"@id":"https:\/\/www.fermec.com.br\/blog\/#organization"},"inLanguage":"pt-BR","potentialAction":[{"@type":"CommentAction","name":"Comment","target":["https:\/\/www.fermec.com.br\/blog\/retificacao-cilindrica\/#respond"]}]},{"@type":"WebPage","@id":"https:\/\/www.fermec.com.br\/blog\/retificacao-cilindrica\/","url":"https:\/\/www.fermec.com.br\/blog\/retificacao-cilindrica\/","name":"A retifica\u00e7\u00e3o cil\u00edndrica - Fermec - Ferramentas de Usinagem","isPartOf":{"@id":"https:\/\/www.fermec.com.br\/blog\/#website"},"datePublished":"2015-11-27T18:39:42+00:00","dateModified":"2022-04-28T19:06:33+00:00","description":"Conhe\u00e7a um pouco sobre a retifica\u00e7\u00e3o cil\u00edndrica e todos os benef\u00edcios \u00e9 oferecido por essa m\u00e1quina, Fermec - Ferramentas de usinagem","breadcrumb":{"@id":"https:\/\/www.fermec.com.br\/blog\/retificacao-cilindrica\/#breadcrumb"},"inLanguage":"pt-BR","potentialAction":[{"@type":"ReadAction","target":["https:\/\/www.fermec.com.br\/blog\/retificacao-cilindrica\/"]}]},{"@type":"BreadcrumbList","@id":"https:\/\/www.fermec.com.br\/blog\/retificacao-cilindrica\/#breadcrumb","itemListElement":[{"@type":"ListItem","position":1,"name":"In\u00edcio","item":"https:\/\/www.fermec.com.br\/blog\/"},{"@type":"ListItem","position":2,"name":"A retifica\u00e7\u00e3o cil\u00edndrica"}]},{"@type":"WebSite","@id":"https:\/\/www.fermec.com.br\/blog\/#website","url":"https:\/\/www.fermec.com.br\/blog\/","name":"Fermec - Ferramentas de Usinagem","description":"Distribuidor de ferramentas de usinagem para todo o Brasil","publisher":{"@id":"https:\/\/www.fermec.com.br\/blog\/#organization"},"potentialAction":[{"@type":"SearchAction","target":{"@type":"EntryPoint","urlTemplate":"https:\/\/www.fermec.com.br\/blog\/?s={search_term_string}"},"query-input":"required name=search_term_string"}],"inLanguage":"pt-BR"},{"@type":"Organization","@id":"https:\/\/www.fermec.com.br\/blog\/#organization","name":"Fermec","url":"https:\/\/www.fermec.com.br\/blog\/","logo":{"@type":"ImageObject","inLanguage":"pt-BR","@id":"https:\/\/www.fermec.com.br\/blog\/#\/schema\/logo\/image\/","url":"https:\/\/www.fermec.com.br\/blog\/wp-content\/uploads\/2014\/11\/logo.png","contentUrl":"https:\/\/www.fermec.com.br\/blog\/wp-content\/uploads\/2014\/11\/logo.png","width":335,"height":65,"caption":"Fermec"},"image":{"@id":"https:\/\/www.fermec.com.br\/blog\/#\/schema\/logo\/image\/"},"sameAs":["https:\/\/www.facebook.com\/fermecoficial"]},{"@type":"Person","@id":"https:\/\/www.fermec.com.br\/blog\/#\/schema\/person\/1fe44fe7f9cc3417c6af7b302fa295d2","name":"miguel_fermec","image":{"@type":"ImageObject","inLanguage":"pt-BR","@id":"https:\/\/www.fermec.com.br\/blog\/#\/schema\/person\/image\/","url":"https:\/\/secure.gravatar.com\/avatar\/a92bb291073c1a14e87471f75c2a99a0?s=96&d=mm&r=g","contentUrl":"https:\/\/secure.gravatar.com\/avatar\/a92bb291073c1a14e87471f75c2a99a0?s=96&d=mm&r=g","caption":"miguel_fermec"},"sameAs":["https:\/\/www.fermec.com.br\/","https:\/\/www.facebook.com\/oficialfermec","https:\/\/www.instagram.com\/fermec.ferramentas\/","https:\/\/www.linkedin.com\/company\/79772283\/admin\/","https:\/\/www.youtube.com\/@FermecFerramentas"],"url":"https:\/\/www.fermec.com.br\/blog\/author\/miguel_fermec\/"}]}},"_links":{"self":[{"href":"https:\/\/www.fermec.com.br\/blog\/wp-json\/wp\/v2\/posts\/125"}],"collection":[{"href":"https:\/\/www.fermec.com.br\/blog\/wp-json\/wp\/v2\/posts"}],"about":[{"href":"https:\/\/www.fermec.com.br\/blog\/wp-json\/wp\/v2\/types\/post"}],"author":[{"embeddable":true,"href":"https:\/\/www.fermec.com.br\/blog\/wp-json\/wp\/v2\/users\/1"}],"replies":[{"embeddable":true,"href":"https:\/\/www.fermec.com.br\/blog\/wp-json\/wp\/v2\/comments?post=125"}],"version-history":[{"count":3,"href":"https:\/\/www.fermec.com.br\/blog\/wp-json\/wp\/v2\/posts\/125\/revisions"}],"predecessor-version":[{"id":143,"href":"https:\/\/www.fermec.com.br\/blog\/wp-json\/wp\/v2\/posts\/125\/revisions\/143"}],"wp:featuredmedia":[{"embeddable":true,"href":"https:\/\/www.fermec.com.br\/blog\/wp-json\/wp\/v2\/media\/126"}],"wp:attachment":[{"href":"https:\/\/www.fermec.com.br\/blog\/wp-json\/wp\/v2\/media?parent=125"}],"wp:term":[{"taxonomy":"category","embeddable":true,"href":"https:\/\/www.fermec.com.br\/blog\/wp-json\/wp\/v2\/categories?post=125"},{"taxonomy":"post_tag","embeddable":true,"href":"https:\/\/www.fermec.com.br\/blog\/wp-json\/wp\/v2\/tags?post=125"}],"curies":[{"name":"wp","href":"https:\/\/api.w.org\/{rel}","templated":true}]}}