{"id":166,"date":"2022-07-20T16:51:30","date_gmt":"2022-07-20T19:51:30","guid":{"rendered":"https:\/\/www.fermec.com.br\/blog\/?p=166"},"modified":"2023-02-14T16:56:22","modified_gmt":"2023-02-14T19:56:22","slug":"acoes-sustentaveis-para-a-gestao-de-residuos","status":"publish","type":"post","link":"https:\/\/www.fermec.com.br\/blog\/acoes-sustentaveis-para-a-gestao-de-residuos\/","title":{"rendered":"A\u00e7\u00f5es sustent\u00e1veis para a gest\u00e3o de res\u00edduos"},"content":{"rendered":"\n<figure class=\"wp-block-image size-large\"><a href=\"https:\/\/www.fermec.com.br\/blog\/wp-content\/uploads\/2022\/07\/Sustentabilidade-na-industria-4.png\"><img decoding=\"async\" loading=\"lazy\" width=\"1024\" height=\"1024\" src=\"https:\/\/www.fermec.com.br\/blog\/wp-content\/uploads\/2022\/07\/Sustentabilidade-na-industria-4-1024x1024.png\" alt=\"\" class=\"wp-image-167\" srcset=\"https:\/\/www.fermec.com.br\/blog\/wp-content\/uploads\/2022\/07\/Sustentabilidade-na-industria-4-1024x1024.png 1024w, https:\/\/www.fermec.com.br\/blog\/wp-content\/uploads\/2022\/07\/Sustentabilidade-na-industria-4-300x300.png 300w, https:\/\/www.fermec.com.br\/blog\/wp-content\/uploads\/2022\/07\/Sustentabilidade-na-industria-4-150x150.png 150w, https:\/\/www.fermec.com.br\/blog\/wp-content\/uploads\/2022\/07\/Sustentabilidade-na-industria-4-768x768.png 768w, https:\/\/www.fermec.com.br\/blog\/wp-content\/uploads\/2022\/07\/Sustentabilidade-na-industria-4.png 1080w\" sizes=\"(max-width: 1024px) 100vw, 1024px\" \/><\/a><\/figure>\n\n\n\n<p><\/p>\n\n\n\n<p>Adotar medidas sustent\u00e1veis no tocante ao gerenciamento de res\u00edduos, impacta diretamente na vida \u00fatil de aterros sanit\u00e1rios, por isso uma gest\u00e3o adequada contribui para a diminui\u00e7\u00e3o da polui\u00e7\u00e3o ambiental. A conserva\u00e7\u00e3o dos recursos naturais, por parte das empresas, \u00e9 primordial para desenvolver o bem-estar de colaboradores e clientes, uma vez que \u00e9 not\u00f3ria a limita\u00e7\u00e3o dos governos.&nbsp;<\/p>\n\n\n\n<p>Fazer gest\u00e3o de res\u00edduos visa melhorar a qualidade de vida, preserva\u00e7\u00e3o da sa\u00fade p\u00fablica e a preserva\u00e7\u00e3o ambiental. Segundo a&nbsp;<a href=\"http:\/\/www.mma.gov.br\/pol%C3%ADtica-de-res%C3%ADduos-s%C3%B3lidos\" target=\"_blank\" rel=\"noreferrer noopener\">Pol\u00edtica Nacional de Res\u00edduos S\u00f3lidos (Lei n\u00ba 12.305\/2010)<\/a>, a gest\u00e3o de res\u00edduos visa garantir &nbsp;<a href=\"https:\/\/www.vgresiduos.com.br\/blog\/conheca-os-metodos-mais-utilizados-no-reaproveitamento-de-residuos\/\" target=\"_blank\" rel=\"noreferrer noopener\">reaproveitamento<\/a>&nbsp;e&nbsp;<a href=\"https:\/\/www.vgresiduos.com.br\/blog\/empresas-x-reciclagem\/\" target=\"_blank\" rel=\"noreferrer noopener\">reciclagem<\/a>&nbsp;e a minimiza\u00e7\u00e3o dos&nbsp;<a href=\"https:\/\/www.vgresiduos.com.br\/blog\/blogdiferenca-entre-lixo-residuo-rejeito\/\" target=\"_blank\" rel=\"noreferrer noopener\">rejeitos<\/a>. Sendo assim, a\u00e7\u00f5es sustent\u00e1veis para a gest\u00e3o de res\u00edduos reduzem a quantidade de lixo produzido e o impacto negativo que esse tipo de material causa ao meio ambiente. Atrav\u00e9s de medidas que mitigam o impacto ambiental, e com maior austeridade na aplica\u00e7\u00e3o de a\u00e7\u00f5es que beneficiem a sociedade e o meio ambiente \u00e9 poss\u00edvel alcan\u00e7ar um impacto consciente.<\/p>\n","protected":false},"excerpt":{"rendered":"<p>Adotar medidas sustent\u00e1veis no tocante ao gerenciamento de res\u00edduos, impacta diretamente na vida \u00fatil de aterros sanit\u00e1rios, por isso uma gest\u00e3o adequada contribui para a diminui\u00e7\u00e3o da polui\u00e7\u00e3o ambiental. A conserva\u00e7\u00e3o dos recursos naturais, por parte das empresas, \u00e9 primordial para desenvolver o bem-estar de colaboradores e clientes, uma vez que \u00e9 not\u00f3ria a limita\u00e7\u00e3o&#8230;<\/p>\n","protected":false},"author":1,"featured_media":0,"comment_status":"open","ping_status":"open","sticky":false,"template":"","format":"image","meta":[],"categories":[1,66],"tags":[74,72,73,67,75,71],"yoast_head":"<!-- This site is optimized with the Yoast SEO plugin v21.4 - https:\/\/yoast.com\/wordpress\/plugins\/seo\/ -->\n<title>A\u00e7\u00f5es sustent\u00e1veis para a gest\u00e3o de res\u00edduos - Fermec - Ferramentas de Usinagem<\/title>\n<meta name=\"description\" content=\"A conserva\u00e7\u00e3o dos recursos naturais, por parte das empresas, \u00e9 primordial para desenvolver o bem-estar de colaboradores e clientes, uma vez que \u00e9 not\u00f3ria a limita\u00e7\u00e3o dos governos.\" \/>\n<meta name=\"robots\" content=\"index, follow, max-snippet:-1, max-image-preview:large, max-video-preview:-1\" \/>\n<link rel=\"canonical\" href=\"https:\/\/www.fermec.com.br\/blog\/acoes-sustentaveis-para-a-gestao-de-residuos\/\" \/>\n<meta property=\"og:locale\" content=\"pt_BR\" \/>\n<meta property=\"og:type\" content=\"article\" \/>\n<meta property=\"og:title\" content=\"A\u00e7\u00f5es sustent\u00e1veis para a gest\u00e3o de res\u00edduos - Fermec - Ferramentas de Usinagem\" \/>\n<meta property=\"og:description\" content=\"A conserva\u00e7\u00e3o dos recursos naturais, por parte das empresas, \u00e9 primordial para desenvolver o bem-estar de colaboradores e clientes, uma vez que \u00e9 not\u00f3ria a limita\u00e7\u00e3o dos governos.\" \/>\n<meta property=\"og:url\" content=\"https:\/\/www.fermec.com.br\/blog\/acoes-sustentaveis-para-a-gestao-de-residuos\/\" \/>\n<meta property=\"og:site_name\" content=\"Fermec - Ferramentas de Usinagem\" \/>\n<meta property=\"article:publisher\" content=\"https:\/\/www.facebook.com\/fermecoficial\" \/>\n<meta property=\"article:author\" content=\"https:\/\/www.facebook.com\/oficialfermec\" \/>\n<meta property=\"article:published_time\" content=\"2022-07-20T19:51:30+00:00\" \/>\n<meta property=\"article:modified_time\" content=\"2023-02-14T19:56:22+00:00\" \/>\n<meta property=\"og:image\" content=\"https:\/\/www.fermec.com.br\/blog\/wp-content\/uploads\/2022\/07\/Sustentabilidade-na-industria-4-1024x1024.png\" \/>\n<meta name=\"author\" content=\"miguel_fermec\" \/>\n<meta name=\"twitter:label1\" content=\"Escrito por\" \/>\n\t<meta name=\"twitter:data1\" content=\"miguel_fermec\" \/>\n\t<meta name=\"twitter:label2\" content=\"Est. tempo de leitura\" \/>\n\t<meta name=\"twitter:data2\" content=\"2 minutos\" \/>\n<script type=\"application\/ld+json\" class=\"yoast-schema-graph\">{\"@context\":\"https:\/\/schema.org\",\"@graph\":[{\"@type\":\"Article\",\"@id\":\"https:\/\/www.fermec.com.br\/blog\/acoes-sustentaveis-para-a-gestao-de-residuos\/#article\",\"isPartOf\":{\"@id\":\"https:\/\/www.fermec.com.br\/blog\/acoes-sustentaveis-para-a-gestao-de-residuos\/\"},\"author\":{\"name\":\"miguel_fermec\",\"@id\":\"https:\/\/www.fermec.com.br\/blog\/#\/schema\/person\/1fe44fe7f9cc3417c6af7b302fa295d2\"},\"headline\":\"A\u00e7\u00f5es sustent\u00e1veis para a gest\u00e3o de res\u00edduos\",\"datePublished\":\"2022-07-20T19:51:30+00:00\",\"dateModified\":\"2023-02-14T19:56:22+00:00\",\"mainEntityOfPage\":{\"@id\":\"https:\/\/www.fermec.com.br\/blog\/acoes-sustentaveis-para-a-gestao-de-residuos\/\"},\"wordCount\":201,\"commentCount\":0,\"publisher\":{\"@id\":\"https:\/\/www.fermec.com.br\/blog\/#organization\"},\"keywords\":[\"fermec\",\"ferramentas\",\"recicl\u00e1vel\",\"sustentabilidade\",\"tools s\",\"usinagem\"],\"articleSection\":{\"1\":\"Sustentabilidade\"},\"inLanguage\":\"pt-BR\",\"potentialAction\":[{\"@type\":\"CommentAction\",\"name\":\"Comment\",\"target\":[\"https:\/\/www.fermec.com.br\/blog\/acoes-sustentaveis-para-a-gestao-de-residuos\/#respond\"]}]},{\"@type\":\"WebPage\",\"@id\":\"https:\/\/www.fermec.com.br\/blog\/acoes-sustentaveis-para-a-gestao-de-residuos\/\",\"url\":\"https:\/\/www.fermec.com.br\/blog\/acoes-sustentaveis-para-a-gestao-de-residuos\/\",\"name\":\"A\u00e7\u00f5es sustent\u00e1veis para a gest\u00e3o de res\u00edduos - Fermec - Ferramentas de Usinagem\",\"isPartOf\":{\"@id\":\"https:\/\/www.fermec.com.br\/blog\/#website\"},\"datePublished\":\"2022-07-20T19:51:30+00:00\",\"dateModified\":\"2023-02-14T19:56:22+00:00\",\"description\":\"A conserva\u00e7\u00e3o dos recursos naturais, por parte das empresas, \u00e9 primordial para desenvolver o bem-estar de colaboradores e clientes, uma vez que \u00e9 not\u00f3ria a limita\u00e7\u00e3o dos governos.\",\"breadcrumb\":{\"@id\":\"https:\/\/www.fermec.com.br\/blog\/acoes-sustentaveis-para-a-gestao-de-residuos\/#breadcrumb\"},\"inLanguage\":\"pt-BR\",\"potentialAction\":[{\"@type\":\"ReadAction\",\"target\":[\"https:\/\/www.fermec.com.br\/blog\/acoes-sustentaveis-para-a-gestao-de-residuos\/\"]}]},{\"@type\":\"BreadcrumbList\",\"@id\":\"https:\/\/www.fermec.com.br\/blog\/acoes-sustentaveis-para-a-gestao-de-residuos\/#breadcrumb\",\"itemListElement\":[{\"@type\":\"ListItem\",\"position\":1,\"name\":\"In\u00edcio\",\"item\":\"https:\/\/www.fermec.com.br\/blog\/\"},{\"@type\":\"ListItem\",\"position\":2,\"name\":\"A\u00e7\u00f5es sustent\u00e1veis para a gest\u00e3o de res\u00edduos\"}]},{\"@type\":\"WebSite\",\"@id\":\"https:\/\/www.fermec.com.br\/blog\/#website\",\"url\":\"https:\/\/www.fermec.com.br\/blog\/\",\"name\":\"Fermec - Ferramentas de Usinagem\",\"description\":\"Distribuidor de ferramentas de usinagem para todo o Brasil\",\"publisher\":{\"@id\":\"https:\/\/www.fermec.com.br\/blog\/#organization\"},\"potentialAction\":[{\"@type\":\"SearchAction\",\"target\":{\"@type\":\"EntryPoint\",\"urlTemplate\":\"https:\/\/www.fermec.com.br\/blog\/?s={search_term_string}\"},\"query-input\":\"required name=search_term_string\"}],\"inLanguage\":\"pt-BR\"},{\"@type\":\"Organization\",\"@id\":\"https:\/\/www.fermec.com.br\/blog\/#organization\",\"name\":\"Fermec\",\"url\":\"https:\/\/www.fermec.com.br\/blog\/\",\"logo\":{\"@type\":\"ImageObject\",\"inLanguage\":\"pt-BR\",\"@id\":\"https:\/\/www.fermec.com.br\/blog\/#\/schema\/logo\/image\/\",\"url\":\"https:\/\/www.fermec.com.br\/blog\/wp-content\/uploads\/2014\/11\/logo.png\",\"contentUrl\":\"https:\/\/www.fermec.com.br\/blog\/wp-content\/uploads\/2014\/11\/logo.png\",\"width\":335,\"height\":65,\"caption\":\"Fermec\"},\"image\":{\"@id\":\"https:\/\/www.fermec.com.br\/blog\/#\/schema\/logo\/image\/\"},\"sameAs\":[\"https:\/\/www.facebook.com\/fermecoficial\"]},{\"@type\":\"Person\",\"@id\":\"https:\/\/www.fermec.com.br\/blog\/#\/schema\/person\/1fe44fe7f9cc3417c6af7b302fa295d2\",\"name\":\"miguel_fermec\",\"image\":{\"@type\":\"ImageObject\",\"inLanguage\":\"pt-BR\",\"@id\":\"https:\/\/www.fermec.com.br\/blog\/#\/schema\/person\/image\/\",\"url\":\"https:\/\/secure.gravatar.com\/avatar\/a92bb291073c1a14e87471f75c2a99a0?s=96&d=mm&r=g\",\"contentUrl\":\"https:\/\/secure.gravatar.com\/avatar\/a92bb291073c1a14e87471f75c2a99a0?s=96&d=mm&r=g\",\"caption\":\"miguel_fermec\"},\"sameAs\":[\"https:\/\/www.fermec.com.br\/\",\"https:\/\/www.facebook.com\/oficialfermec\",\"https:\/\/www.instagram.com\/fermec.ferramentas\/\",\"https:\/\/www.linkedin.com\/company\/79772283\/admin\/\",\"https:\/\/www.youtube.com\/@FermecFerramentas\"],\"url\":\"https:\/\/www.fermec.com.br\/blog\/author\/miguel_fermec\/\"}]}<\/script>\n<!-- \/ Yoast SEO plugin. -->","yoast_head_json":{"title":"A\u00e7\u00f5es sustent\u00e1veis para a gest\u00e3o de res\u00edduos - Fermec - Ferramentas de Usinagem","description":"A conserva\u00e7\u00e3o dos recursos naturais, por parte das empresas, \u00e9 primordial para desenvolver o bem-estar de colaboradores e clientes, uma vez que \u00e9 not\u00f3ria a limita\u00e7\u00e3o dos governos.","robots":{"index":"index","follow":"follow","max-snippet":"max-snippet:-1","max-image-preview":"max-image-preview:large","max-video-preview":"max-video-preview:-1"},"canonical":"https:\/\/www.fermec.com.br\/blog\/acoes-sustentaveis-para-a-gestao-de-residuos\/","og_locale":"pt_BR","og_type":"article","og_title":"A\u00e7\u00f5es sustent\u00e1veis para a gest\u00e3o de res\u00edduos - Fermec - Ferramentas de Usinagem","og_description":"A conserva\u00e7\u00e3o dos recursos naturais, por parte das empresas, \u00e9 primordial para desenvolver o bem-estar de colaboradores e clientes, uma vez que \u00e9 not\u00f3ria a limita\u00e7\u00e3o dos governos.","og_url":"https:\/\/www.fermec.com.br\/blog\/acoes-sustentaveis-para-a-gestao-de-residuos\/","og_site_name":"Fermec - Ferramentas de Usinagem","article_publisher":"https:\/\/www.facebook.com\/fermecoficial","article_author":"https:\/\/www.facebook.com\/oficialfermec","article_published_time":"2022-07-20T19:51:30+00:00","article_modified_time":"2023-02-14T19:56:22+00:00","og_image":[{"url":"https:\/\/www.fermec.com.br\/blog\/wp-content\/uploads\/2022\/07\/Sustentabilidade-na-industria-4-1024x1024.png"}],"author":"miguel_fermec","twitter_misc":{"Escrito por":"miguel_fermec","Est. tempo de leitura":"2 minutos"},"schema":{"@context":"https:\/\/schema.org","@graph":[{"@type":"Article","@id":"https:\/\/www.fermec.com.br\/blog\/acoes-sustentaveis-para-a-gestao-de-residuos\/#article","isPartOf":{"@id":"https:\/\/www.fermec.com.br\/blog\/acoes-sustentaveis-para-a-gestao-de-residuos\/"},"author":{"name":"miguel_fermec","@id":"https:\/\/www.fermec.com.br\/blog\/#\/schema\/person\/1fe44fe7f9cc3417c6af7b302fa295d2"},"headline":"A\u00e7\u00f5es sustent\u00e1veis para a gest\u00e3o de res\u00edduos","datePublished":"2022-07-20T19:51:30+00:00","dateModified":"2023-02-14T19:56:22+00:00","mainEntityOfPage":{"@id":"https:\/\/www.fermec.com.br\/blog\/acoes-sustentaveis-para-a-gestao-de-residuos\/"},"wordCount":201,"commentCount":0,"publisher":{"@id":"https:\/\/www.fermec.com.br\/blog\/#organization"},"keywords":["fermec","ferramentas","recicl\u00e1vel","sustentabilidade","tools s","usinagem"],"articleSection":{"1":"Sustentabilidade"},"inLanguage":"pt-BR","potentialAction":[{"@type":"CommentAction","name":"Comment","target":["https:\/\/www.fermec.com.br\/blog\/acoes-sustentaveis-para-a-gestao-de-residuos\/#respond"]}]},{"@type":"WebPage","@id":"https:\/\/www.fermec.com.br\/blog\/acoes-sustentaveis-para-a-gestao-de-residuos\/","url":"https:\/\/www.fermec.com.br\/blog\/acoes-sustentaveis-para-a-gestao-de-residuos\/","name":"A\u00e7\u00f5es sustent\u00e1veis para a gest\u00e3o de res\u00edduos - Fermec - Ferramentas de Usinagem","isPartOf":{"@id":"https:\/\/www.fermec.com.br\/blog\/#website"},"datePublished":"2022-07-20T19:51:30+00:00","dateModified":"2023-02-14T19:56:22+00:00","description":"A conserva\u00e7\u00e3o dos recursos naturais, por parte das empresas, \u00e9 primordial para desenvolver o bem-estar de colaboradores e clientes, uma vez que \u00e9 not\u00f3ria a limita\u00e7\u00e3o dos governos.","breadcrumb":{"@id":"https:\/\/www.fermec.com.br\/blog\/acoes-sustentaveis-para-a-gestao-de-residuos\/#breadcrumb"},"inLanguage":"pt-BR","potentialAction":[{"@type":"ReadAction","target":["https:\/\/www.fermec.com.br\/blog\/acoes-sustentaveis-para-a-gestao-de-residuos\/"]}]},{"@type":"BreadcrumbList","@id":"https:\/\/www.fermec.com.br\/blog\/acoes-sustentaveis-para-a-gestao-de-residuos\/#breadcrumb","itemListElement":[{"@type":"ListItem","position":1,"name":"In\u00edcio","item":"https:\/\/www.fermec.com.br\/blog\/"},{"@type":"ListItem","position":2,"name":"A\u00e7\u00f5es sustent\u00e1veis para a gest\u00e3o de res\u00edduos"}]},{"@type":"WebSite","@id":"https:\/\/www.fermec.com.br\/blog\/#website","url":"https:\/\/www.fermec.com.br\/blog\/","name":"Fermec - Ferramentas de Usinagem","description":"Distribuidor de ferramentas de usinagem para todo o Brasil","publisher":{"@id":"https:\/\/www.fermec.com.br\/blog\/#organization"},"potentialAction":[{"@type":"SearchAction","target":{"@type":"EntryPoint","urlTemplate":"https:\/\/www.fermec.com.br\/blog\/?s={search_term_string}"},"query-input":"required name=search_term_string"}],"inLanguage":"pt-BR"},{"@type":"Organization","@id":"https:\/\/www.fermec.com.br\/blog\/#organization","name":"Fermec","url":"https:\/\/www.fermec.com.br\/blog\/","logo":{"@type":"ImageObject","inLanguage":"pt-BR","@id":"https:\/\/www.fermec.com.br\/blog\/#\/schema\/logo\/image\/","url":"https:\/\/www.fermec.com.br\/blog\/wp-content\/uploads\/2014\/11\/logo.png","contentUrl":"https:\/\/www.fermec.com.br\/blog\/wp-content\/uploads\/2014\/11\/logo.png","width":335,"height":65,"caption":"Fermec"},"image":{"@id":"https:\/\/www.fermec.com.br\/blog\/#\/schema\/logo\/image\/"},"sameAs":["https:\/\/www.facebook.com\/fermecoficial"]},{"@type":"Person","@id":"https:\/\/www.fermec.com.br\/blog\/#\/schema\/person\/1fe44fe7f9cc3417c6af7b302fa295d2","name":"miguel_fermec","image":{"@type":"ImageObject","inLanguage":"pt-BR","@id":"https:\/\/www.fermec.com.br\/blog\/#\/schema\/person\/image\/","url":"https:\/\/secure.gravatar.com\/avatar\/a92bb291073c1a14e87471f75c2a99a0?s=96&d=mm&r=g","contentUrl":"https:\/\/secure.gravatar.com\/avatar\/a92bb291073c1a14e87471f75c2a99a0?s=96&d=mm&r=g","caption":"miguel_fermec"},"sameAs":["https:\/\/www.fermec.com.br\/","https:\/\/www.facebook.com\/oficialfermec","https:\/\/www.instagram.com\/fermec.ferramentas\/","https:\/\/www.linkedin.com\/company\/79772283\/admin\/","https:\/\/www.youtube.com\/@FermecFerramentas"],"url":"https:\/\/www.fermec.com.br\/blog\/author\/miguel_fermec\/"}]}},"_links":{"self":[{"href":"https:\/\/www.fermec.com.br\/blog\/wp-json\/wp\/v2\/posts\/166"}],"collection":[{"href":"https:\/\/www.fermec.com.br\/blog\/wp-json\/wp\/v2\/posts"}],"about":[{"href":"https:\/\/www.fermec.com.br\/blog\/wp-json\/wp\/v2\/types\/post"}],"author":[{"embeddable":true,"href":"https:\/\/www.fermec.com.br\/blog\/wp-json\/wp\/v2\/users\/1"}],"replies":[{"embeddable":true,"href":"https:\/\/www.fermec.com.br\/blog\/wp-json\/wp\/v2\/comments?post=166"}],"version-history":[{"count":1,"href":"https:\/\/www.fermec.com.br\/blog\/wp-json\/wp\/v2\/posts\/166\/revisions"}],"predecessor-version":[{"id":168,"href":"https:\/\/www.fermec.com.br\/blog\/wp-json\/wp\/v2\/posts\/166\/revisions\/168"}],"wp:attachment":[{"href":"https:\/\/www.fermec.com.br\/blog\/wp-json\/wp\/v2\/media?parent=166"}],"wp:term":[{"taxonomy":"category","embeddable":true,"href":"https:\/\/www.fermec.com.br\/blog\/wp-json\/wp\/v2\/categories?post=166"},{"taxonomy":"post_tag","embeddable":true,"href":"https:\/\/www.fermec.com.br\/blog\/wp-json\/wp\/v2\/tags?post=166"}],"curies":[{"name":"wp","href":"https:\/\/api.w.org\/{rel}","templated":true}]}}